{"id":7698,"date":"2021-02-20T11:32:49","date_gmt":"2021-02-20T11:32:49","guid":{"rendered":"https:\/\/frokenselander.se\/skola\/?p=7698"},"modified":"2021-02-20T11:42:51","modified_gmt":"2021-02-20T11:42:51","slug":"eken","status":"publish","type":"post","link":"https:\/\/frokenselander.se\/skola\/2021\/02\/20\/eken\/","title":{"rendered":"GOTD Eken"},"content":{"rendered":"<p>Vi arbetar med de <a href=\"https:\/\/www.globalamalen.se\/om-globala-malen\/mal-15-ekosystem-och-biologisk-mangfald\/\">globala m\u00e5len<\/a> p\u00e5 olika s\u00e4tt. N\u00e5got som vi vurmar lite extra f\u00f6r \u00e4r insekterna och andra sm\u00e5kryp (\u00e4ven om n\u00e5gra i klassen tycker att de \u00e4r l\u00e4skiga).<\/p>\n<p>H\u00e5llbara ekosystem och biologisk m\u00e5ngfald \u00e4r ju grunden f\u00f6r v\u00e5ra liv h\u00e4r p\u00e5 jorden. Tyv\u00e4rr riskerar en stor m\u00e4ngd insekter att utrotas s\u00e5 det har v\u00e5r tr\u00e4sl\u00f6jdsl\u00e4rare Anna uppm\u00e4rksammat p\u00e5 tr\u00e4sl\u00f6jden och gjort <a href=\"https:\/\/www.plantagen.se\/bygg-eget-insektshotell.html\">insektshotell<\/a> och vi har drivit upp <a href=\"https:\/\/utebarn.se\/odla-ekollon-koksfonstret\/\">ekplantor med ekollon<\/a> med min kollega Thomas i spetsen.<\/p>\n<p>Vi har s\u00e5 klart l\u00e4rt oss mer om eken och varf\u00f6r den \u00e4r viktig f\u00f6r bland annat insekter, svampar och andra sm\u00e5kryp och v\u00e4xter. Det har vi gjort med en Grej of the day:<\/p>\n<p><a href=\"https:\/\/frokenselander.se\/skola\/wp-content\/uploads\/2021\/02\/ek.pptx\">GOTD ek<\/a><\/p>\n<p><img data-recalc-dims=\"1\" loading=\"lazy\" decoding=\"async\" class=\"alignnone size-medium wp-image-7702\" src=\"https:\/\/i0.wp.com\/frokenselander.se\/skola\/wp-content\/uploads\/2021\/02\/gotd_ek.png?resize=300%2C171&#038;ssl=1\" alt=\"\" width=\"300\" height=\"171\" srcset=\"https:\/\/i0.wp.com\/frokenselander.se\/skola\/wp-content\/uploads\/2021\/02\/gotd_ek.png?resize=300%2C171&amp;ssl=1 300w, https:\/\/i0.wp.com\/frokenselander.se\/skola\/wp-content\/uploads\/2021\/02\/gotd_ek.png?resize=1024%2C583&amp;ssl=1 1024w, https:\/\/i0.wp.com\/frokenselander.se\/skola\/wp-content\/uploads\/2021\/02\/gotd_ek.png?resize=768%2C437&amp;ssl=1 768w, https:\/\/i0.wp.com\/frokenselander.se\/skola\/wp-content\/uploads\/2021\/02\/gotd_ek.png?w=1234&amp;ssl=1 1234w\" sizes=\"auto, (max-width: 300px) 100vw, 300px\" \/><\/p>\n","protected":false},"excerpt":{"rendered":"<p>Vi arbetar med de globala m\u00e5len p\u00e5 olika s\u00e4tt. N\u00e5got som vi vurmar lite extra f\u00f6r \u00e4r insekterna och andra sm\u00e5kryp (\u00e4ven om n\u00e5gra i klassen tycker att de \u00e4r l\u00e4skiga). H\u00e5llbara ekosystem och biologisk m\u00e5ngfald \u00e4r ju grunden f\u00f6r v\u00e5ra liv h\u00e4r p\u00e5 jorden. Tyv\u00e4rr riskerar en stor m\u00e4ngd insekter att utrotas s\u00e5 det&hellip; <a href=\"https:\/\/frokenselander.se\/skola\/2021\/02\/20\/eken\/\" class=\"more-link\">Forts\u00e4tt l\u00e4sa <span class=\"screen-reader-text\">GOTD Eken<\/span><\/a><\/p>\n","protected":false},"author":1,"featured_media":0,"comment_status":"open","ping_status":"open","sticky":false,"template":"","format":"standard","meta":{"advanced_seo_description":"","jetpack_seo_html_title":"","jetpack_seo_noindex":false,"jetpack_post_was_ever_published":false,"_jetpack_newsletter_access":"","_jetpack_dont_email_post_to_subs":false,"_jetpack_newsletter_tier_id":0,"_jetpack_memberships_contains_paywalled_content":false,"_jetpack_memberships_contains_paid_content":false,"footnotes":""},"categories":[3,40],"tags":[610,611,608,609],"class_list":["post-7698","post","type-post","status-publish","format-standard","hentry","category-gotd","category-no","tag-ek","tag-ekollon","tag-globala-malen","tag-mal-15-ekosystem-och-biologisk-mangfald","without-featured-image"],"jetpack_featured_media_url":"","jetpack_likes_enabled":true,"jetpack_sharing_enabled":true,"_links":{"self":[{"href":"https:\/\/frokenselander.se\/skola\/wp-json\/wp\/v2\/posts\/7698","targetHints":{"allow":["GET"]}}],"collection":[{"href":"https:\/\/frokenselander.se\/skola\/wp-json\/wp\/v2\/posts"}],"about":[{"href":"https:\/\/frokenselander.se\/skola\/wp-json\/wp\/v2\/types\/post"}],"author":[{"embeddable":true,"href":"https:\/\/frokenselander.se\/skola\/wp-json\/wp\/v2\/users\/1"}],"replies":[{"embeddable":true,"href":"https:\/\/frokenselander.se\/skola\/wp-json\/wp\/v2\/comments?post=7698"}],"version-history":[{"count":6,"href":"https:\/\/frokenselander.se\/skola\/wp-json\/wp\/v2\/posts\/7698\/revisions"}],"predecessor-version":[{"id":7706,"href":"https:\/\/frokenselander.se\/skola\/wp-json\/wp\/v2\/posts\/7698\/revisions\/7706"}],"wp:attachment":[{"href":"https:\/\/frokenselander.se\/skola\/wp-json\/wp\/v2\/media?parent=7698"}],"wp:term":[{"taxonomy":"category","embeddable":true,"href":"https:\/\/frokenselander.se\/skola\/wp-json\/wp\/v2\/categories?post=7698"},{"taxonomy":"post_tag","embeddable":true,"href":"https:\/\/frokenselander.se\/skola\/wp-json\/wp\/v2\/tags?post=7698"}],"curies":[{"name":"wp","href":"https:\/\/api.w.org\/{rel}","templated":true}]}}