{"id":7553,"date":"2020-11-24T15:49:08","date_gmt":"2020-11-24T15:49:08","guid":{"rendered":"https:\/\/frokenselander.se\/skola\/?p=7553"},"modified":"2021-12-01T18:52:05","modified_gmt":"2021-12-01T18:52:05","slug":"nyckeln-till-skatten-kapitel-13","status":"publish","type":"post","link":"https:\/\/frokenselander.se\/skola\/2020\/11\/24\/nyckeln-till-skatten-kapitel-13\/","title":{"rendered":"Nyckeln till skatten kapitel 13"},"content":{"rendered":"<p>N\u00e4sta vecka l\u00e4ser vi kapitel 13, &#8221;Skattjakten del 2&#8221;. Jag gillar verkligen det h\u00e4r kapitlet. H\u00e4r kr\u00e4vs l\u00e4sf\u00f6rst\u00e5else under ytan f\u00f6r att f\u00f6rst\u00e5 vad g\u00e5tan vill s\u00e4ga som vad som h\u00e4nder. Varf\u00f6r har boken med myror inte n\u00e5gra moln eller varf\u00f6r leder inte telefonnumret till Olle som sitter och v\u00e4ntar p\u00e5 samtal?<\/p>\r\n<p>N\u00e4r jag hade min f\u00f6rra trea s\u00e5 hade jag en elev som tragglade med l\u00e4sningen i ettan, men som kom ig\u00e5ng med l\u00e4sningen i tv\u00e5an och som verkligen gillade att l\u00e4sa i trean. N\u00e4r jag l\u00e4ste det h\u00e4r kapitlet h\u00f6gt f\u00f6r eleverna inf\u00f6r l\u00e4sl\u00e4xan s\u00e5 t\u00e4nkte han en stund och man riktigt s\u00e5g hur han l\u00f6s upp n\u00e4r han f\u00f6rstod vad det var som hade h\u00e4nt. H\u00e4ftigt det h\u00e4r med l\u00e4sning!<\/p>\r\n<p>N\u00e4sta vecka ska vi \u00e4ven arbeta med alfabetisk ordning innan vi tar oss an uppgiften att sortera b\u00f6cker i bokhyllan som finns i arbetsboken till &#8221;Nyckeln till skatten&#8221;.\u00a0<\/p>\r\n<p>H\u00e4r finns l\u00e4sf\u00f6rst\u00e5elsefr\u00e5gor till kapitlet:<\/p>\r\n<p><a href=\"https:\/\/frokenselander.se\/skola\/wp-content\/uploads\/2020\/11\/Nyckeln-till-skatten-bla-kap-13-1.pdf\">Nyckeln till skatten P\u00e5 v\u00e4g kap 13<\/a><br \/><a href=\"https:\/\/frokenselander.se\/skola\/wp-content\/uploads\/2020\/11\/Nyckeln_till_skatten_-A_kap-13-1.pdf\">Nyckeln till skatten A kap 13<\/a><br \/><a href=\"https:\/\/frokenselander.se\/skola\/wp-content\/uploads\/2020\/11\/Nyckeln_till_skatten_-B_kap-13-1.pdf\">Nyckeln till skatten B kap 13<\/a><\/p>\r\n<p><img data-recalc-dims=\"1\" loading=\"lazy\" decoding=\"async\" class=\"alignnone size-medium wp-image-7581\" src=\"https:\/\/i0.wp.com\/frokenselander.se\/skola\/wp-content\/uploads\/2020\/11\/nyckeln13A.png?resize=209%2C300&#038;ssl=1\" alt=\"\" width=\"209\" height=\"300\" srcset=\"https:\/\/i0.wp.com\/frokenselander.se\/skola\/wp-content\/uploads\/2020\/11\/nyckeln13A.png?resize=209%2C300&amp;ssl=1 209w, https:\/\/i0.wp.com\/frokenselander.se\/skola\/wp-content\/uploads\/2020\/11\/nyckeln13A.png?w=575&amp;ssl=1 575w\" sizes=\"auto, (max-width: 209px) 100vw, 209px\" \/><\/p>\r\n","protected":false},"excerpt":{"rendered":"<p>N\u00e4sta vecka l\u00e4ser vi kapitel 13, &#8221;Skattjakten del 2&#8221;. Jag gillar verkligen det h\u00e4r kapitlet. H\u00e4r kr\u00e4vs l\u00e4sf\u00f6rst\u00e5else under ytan f\u00f6r att f\u00f6rst\u00e5 vad g\u00e5tan vill s\u00e4ga som vad som h\u00e4nder. Varf\u00f6r har boken med myror inte n\u00e5gra moln eller varf\u00f6r leder inte telefonnumret till Olle som sitter och v\u00e4ntar p\u00e5 samtal? N\u00e4r jag hade&hellip; <a href=\"https:\/\/frokenselander.se\/skola\/2020\/11\/24\/nyckeln-till-skatten-kapitel-13\/\" class=\"more-link\">Forts\u00e4tt l\u00e4sa <span class=\"screen-reader-text\">Nyckeln till skatten kapitel 13<\/span><\/a><\/p>\n","protected":false},"author":1,"featured_media":0,"comment_status":"open","ping_status":"open","sticky":false,"template":"","format":"standard","meta":{"advanced_seo_description":"","jetpack_seo_html_title":"","jetpack_seo_noindex":false,"jetpack_post_was_ever_published":false,"_jetpack_newsletter_access":"","_jetpack_dont_email_post_to_subs":false,"_jetpack_newsletter_tier_id":0,"_jetpack_memberships_contains_paywalled_content":false,"_jetpack_memberships_contains_paid_content":false,"footnotes":""},"categories":[599,12],"tags":[],"class_list":["post-7553","post","type-post","status-publish","format-standard","hentry","category-nyckeln-till-skatten","category-svenska","without-featured-image"],"jetpack_featured_media_url":"","jetpack_likes_enabled":true,"jetpack_sharing_enabled":true,"_links":{"self":[{"href":"https:\/\/frokenselander.se\/skola\/wp-json\/wp\/v2\/posts\/7553","targetHints":{"allow":["GET"]}}],"collection":[{"href":"https:\/\/frokenselander.se\/skola\/wp-json\/wp\/v2\/posts"}],"about":[{"href":"https:\/\/frokenselander.se\/skola\/wp-json\/wp\/v2\/types\/post"}],"author":[{"embeddable":true,"href":"https:\/\/frokenselander.se\/skola\/wp-json\/wp\/v2\/users\/1"}],"replies":[{"embeddable":true,"href":"https:\/\/frokenselander.se\/skola\/wp-json\/wp\/v2\/comments?post=7553"}],"version-history":[{"count":5,"href":"https:\/\/frokenselander.se\/skola\/wp-json\/wp\/v2\/posts\/7553\/revisions"}],"predecessor-version":[{"id":7892,"href":"https:\/\/frokenselander.se\/skola\/wp-json\/wp\/v2\/posts\/7553\/revisions\/7892"}],"wp:attachment":[{"href":"https:\/\/frokenselander.se\/skola\/wp-json\/wp\/v2\/media?parent=7553"}],"wp:term":[{"taxonomy":"category","embeddable":true,"href":"https:\/\/frokenselander.se\/skola\/wp-json\/wp\/v2\/categories?post=7553"},{"taxonomy":"post_tag","embeddable":true,"href":"https:\/\/frokenselander.se\/skola\/wp-json\/wp\/v2\/tags?post=7553"}],"curies":[{"name":"wp","href":"https:\/\/api.w.org\/{rel}","templated":true}]}}