{"id":5085,"date":"2019-03-25T16:25:05","date_gmt":"2019-03-25T15:25:05","guid":{"rendered":"http:\/\/frokenselander.se\/?p=5085"},"modified":"2022-11-04T10:26:18","modified_gmt":"2022-11-04T10:26:18","slug":"den-magiska-kulan-kap-20","status":"publish","type":"post","link":"https:\/\/frokenselander.se\/skola\/2019\/03\/25\/den-magiska-kulan-kap-20\/","title":{"rendered":"Den magiska kulan kap 20"},"content":{"rendered":"\n<p class=\"has-drop-cap\">FVi ska arbeta med bokstaven Ff denna vecka, hur den ser ut, hur man skriver den och koppla samman den med bokstavsljudet. De ord som eleverna ska skriva p\u00e5 arbetsbladet \u00e4r <em>fot, f\u00e5gel, f\u00e5r<\/em>. Vi ska \u00e4ven arbeta med sammansatta ord. H\u00e4r kan eleverna hitta sammansatta ord som man kanske inte t\u00e4nker \u00e4r ett sammansatt ord fr\u00e5n b\u00f6rjan. Men det blir roliga diskussioner. Fruktsp\u00e5r; kanske kan man se sp\u00e5r i sanden om man rullar iv\u00e4g en frukt&#8230;, fotbo; ett hus f\u00f6r en fot kanske? \ud83d\ude42 De ord som \u00e4r t\u00e4nkta att paras ihop finns p\u00e5 bilderna under texten och de \u00e4r <em>f\u00e5gelbo, fotboll, f\u00e5rull, saftglas, fruktsallad, fotsp\u00e5r.<\/em> Det finns l\u00e4sf\u00f6rst\u00e5elsefr\u00e5gor med fokus p\u00e5 l\u00e4sning s\u00e5 eleverna ska svara ja eller nej p\u00e5 fr\u00e5gorna. Fr\u00e5gorna \u00e4r b\u00e5de <em>p\u00e5 <\/em>och mellan raderna. Svaren p\u00e5 fr\u00e5gorna i arbetsh\u00e4ftet \u00e4r: <em>1. Ja, 2. Ja, 3. Nej, 4. Nej.<\/em><\/p>\n\n\n\n<p>De elever som kommit l\u00e4ngre i sin l\u00e4s- och skrivutveckling l\u00e4ser B- eller C-boken med viss flyt och har b\u00f6rjat skriva meningar. De arbetar med l\u00e4sf\u00f6rst\u00e5elsefr\u00e5gor som \u00e4r<em> p\u00e5<\/em> <em>raden, mellan raderna <\/em>och<em> bortom raderna<\/em> (ABC-klubben beskriver dem som<em> p\u00e5 ytan, under ytan <\/em>och<em> p\u00e5 djupet-fr\u00e5gor<\/em>) som utmaning. Eleverna b\u00f6rjar alltid med att l\u00e4sa kapitlet f\u00f6r varandra i sm\u00e5 grupper och svarar p\u00e5 fr\u00e5gorna tillsammans. <em> <\/em><\/p>\n\n\n\n<p>Svaret p\u00e5 fr\u00e5gorna i l\u00e4sf\u00f6rst\u00e5elseh\u00e4ftet \u00e4r: <em>1. Hon skulle leta efter saker med F, 2. Det var skolan som ringde, 3. Hon fick vara p\u00e5 fritids, 4. Det handlade om att de skulle dela upp klass 1b.<\/em><\/p>\n\n\n\n<p class=\"has-white-color has-text-color has-background\" style=\"background-color:#2e94ad\">Fr\u00e5geniv\u00e5er<br><em>P\u00e5 ytan-fr\u00e5gor: <\/em>Svaret finns i texten (vem, vad, var, n\u00e4r).<br><em>Under ytan-fr\u00e5gor:<\/em> Svaret st\u00e5r inte exakt i texten och kan ha mer \u00e4n ett r\u00e4tt svar (varf\u00f6r, hur, hur t\u00e4nker du?).<br><em>P\u00e5 djupet-fr\u00e5gor:<\/em> Vad betyder texten f\u00f6r mig? (Vi st\u00e4ller oss fr\u00e5gor om ex. varf\u00f6r personerna g\u00f6r som de g\u00f6r).<\/p>\n\n\n\n<p>H\u00e4r finns arbetsh\u00e4ftet och l\u00e4sf\u00f6rst\u00e5elseh\u00e4fte:<\/p>\n\n\n\n<ul class=\"wp-block-list\">\n<li><a href=\"https:\/\/frokenselander.se\/skola\/wp-content\/uploads\/2019\/09\/c3a5r_1_den_magiska_kulan_arbetshc3a4fte.pdf\">Arbetsh\u00e4fte till \u201dDen magiska kulan\u201d<\/a><\/li>\n\n\n\n<li><a href=\"https:\/\/frokenselander.se\/skola\/wp-content\/uploads\/2022\/08\/lasforstaelsehafte-den-magiska-kulan.pdf\">L\u00e4sf\u00f6rst\u00e5elseh\u00e4fte till \u201dDen magiska kulan\u201d<\/a>&nbsp;(reviderad augusti 2022)<\/li>\n<\/ul>\n\n\n\n<figure class=\"wp-block-gallery has-nested-images columns-default is-cropped wp-block-gallery-1 is-layout-flex wp-block-gallery-is-layout-flex\">\n<figure class=\"wp-block-image\"><img data-recalc-dims=\"1\" loading=\"lazy\" decoding=\"async\" width=\"698\" height=\"1001\" data-id=\"6061\" src=\"https:\/\/i0.wp.com\/frokenselander.se\/skola\/wp-content\/uploads\/2019\/08\/img_2653.jpg?resize=698%2C1001&#038;ssl=1\" alt=\"\" class=\"wp-image-6061\" srcset=\"https:\/\/i0.wp.com\/frokenselander.se\/skola\/wp-content\/uploads\/2019\/08\/img_2653.jpg?w=698&amp;ssl=1 698w, https:\/\/i0.wp.com\/frokenselander.se\/skola\/wp-content\/uploads\/2019\/08\/img_2653.jpg?resize=209%2C300&amp;ssl=1 209w, https:\/\/i0.wp.com\/frokenselander.se\/skola\/wp-content\/uploads\/2019\/08\/img_2653.jpg?resize=139%2C200&amp;ssl=1 139w, https:\/\/i0.wp.com\/frokenselander.se\/skola\/wp-content\/uploads\/2019\/08\/img_2653.jpg?resize=70%2C100&amp;ssl=1 70w\" sizes=\"auto, (max-width: 698px) 100vw, 698px\" \/><\/figure>\n\n\n\n<figure class=\"wp-block-image\"><img data-recalc-dims=\"1\" loading=\"lazy\" decoding=\"async\" width=\"692\" height=\"996\" data-id=\"5091\" src=\"https:\/\/i0.wp.com\/frokenselander.se\/skola\/wp-content\/uploads\/2019\/03\/9d8f2-b093ae4a-27bb-4542-930f-c10d429b937e.jpeg?resize=692%2C996&#038;ssl=1\" alt=\"\" class=\"wp-image-5091\" srcset=\"https:\/\/i0.wp.com\/frokenselander.se\/skola\/wp-content\/uploads\/2019\/03\/9d8f2-b093ae4a-27bb-4542-930f-c10d429b937e.jpeg?w=692&amp;ssl=1 692w, https:\/\/i0.wp.com\/frokenselander.se\/skola\/wp-content\/uploads\/2019\/03\/9d8f2-b093ae4a-27bb-4542-930f-c10d429b937e.jpeg?resize=208%2C300&amp;ssl=1 208w, https:\/\/i0.wp.com\/frokenselander.se\/skola\/wp-content\/uploads\/2019\/03\/9d8f2-b093ae4a-27bb-4542-930f-c10d429b937e.jpeg?resize=139%2C200&amp;ssl=1 139w, https:\/\/i0.wp.com\/frokenselander.se\/skola\/wp-content\/uploads\/2019\/03\/9d8f2-b093ae4a-27bb-4542-930f-c10d429b937e.jpeg?resize=69%2C100&amp;ssl=1 69w\" sizes=\"auto, (max-width: 692px) 100vw, 692px\" \/><\/figure>\n<\/figure>\n\n\n\n<p><strong>UTDRAG UR DET CENTRALA INNEH\u00c5LLET I&nbsp;<a href=\"https:\/\/www.skolverket.se\/undervisning\/grundskolan\/laroplan-och-kursplaner-for-grundskolan\/laroplan-lgr11-for-grundskolan-samt-for-forskoleklassen-och-fritidshemmet?url=1530314731%2Fcompulsorycw%2Fjsp%2Fsubject.htm%3FsubjectCode%3DGRGRSVE01%26tos%3Dgr&amp;sv.url=12.5dfee44715d35a5cdfa219f\">SVENSKA F\u00d6R \u00c5K 1-3:<\/a><\/strong><\/p>\n\n\n\n<p><em>L\u00e4sa och skriva<\/em><\/p>\n\n\n\n<ul class=\"wp-block-list\"><li>L\u00e4sstrategier f\u00f6r att f\u00f6rst\u00e5 och tolka texter samt f\u00f6r att anpassa l\u00e4sningen efter textens form och inneh\u00e5ll. <\/li><li>Handstil och att skriva med digitala verktyg.<\/li><li>Spr\u00e5kets struktur med stor och liten bokstav, punkt, fr\u00e5getecken och utropstecken samt stavningsregler f\u00f6r vanligt f\u00f6rekommande ord i elevn\u00e4ra texter.<\/li><li>Alfabetet och alfabetisk ordning.<\/li><li>Sambandet mellan ljud och bokstav<\/li><\/ul>\n","protected":false},"excerpt":{"rendered":"<p>FVi ska arbeta med bokstaven Ff denna vecka, hur den ser ut, hur man skriver den och koppla samman den med bokstavsljudet. De ord som eleverna ska skriva p\u00e5 arbetsbladet \u00e4r fot, f\u00e5gel, f\u00e5r. Vi ska \u00e4ven arbeta med sammansatta ord. H\u00e4r kan eleverna hitta sammansatta ord som man kanske inte t\u00e4nker \u00e4r ett sammansatt&hellip; <a href=\"https:\/\/frokenselander.se\/skola\/2019\/03\/25\/den-magiska-kulan-kap-20\/\" class=\"more-link\">Forts\u00e4tt l\u00e4sa <span class=\"screen-reader-text\">Den magiska kulan kap 20<\/span><\/a><\/p>\n","protected":false},"author":3,"featured_media":0,"comment_status":"open","ping_status":"open","sticky":false,"template":"","format":"standard","meta":{"advanced_seo_description":"","jetpack_seo_html_title":"","jetpack_seo_noindex":false,"jetpack_post_was_ever_published":false,"_jetpack_newsletter_access":"","_jetpack_dont_email_post_to_subs":false,"_jetpack_newsletter_tier_id":0,"_jetpack_memberships_contains_paywalled_content":false,"_jetpack_memberships_contains_paid_content":false,"footnotes":""},"categories":[26,12,13,46],"tags":[],"class_list":["post-5085","post","type-post","status-publish","format-standard","hentry","category-den-magiska-kulan","category-svenska","category-svenska-ar-1","category-uppgifter","without-featured-image"],"jetpack_featured_media_url":"","jetpack_likes_enabled":true,"jetpack_sharing_enabled":true,"_links":{"self":[{"href":"https:\/\/frokenselander.se\/skola\/wp-json\/wp\/v2\/posts\/5085","targetHints":{"allow":["GET"]}}],"collection":[{"href":"https:\/\/frokenselander.se\/skola\/wp-json\/wp\/v2\/posts"}],"about":[{"href":"https:\/\/frokenselander.se\/skola\/wp-json\/wp\/v2\/types\/post"}],"author":[{"embeddable":true,"href":"https:\/\/frokenselander.se\/skola\/wp-json\/wp\/v2\/users\/3"}],"replies":[{"embeddable":true,"href":"https:\/\/frokenselander.se\/skola\/wp-json\/wp\/v2\/comments?post=5085"}],"version-history":[{"count":3,"href":"https:\/\/frokenselander.se\/skola\/wp-json\/wp\/v2\/posts\/5085\/revisions"}],"predecessor-version":[{"id":8161,"href":"https:\/\/frokenselander.se\/skola\/wp-json\/wp\/v2\/posts\/5085\/revisions\/8161"}],"wp:attachment":[{"href":"https:\/\/frokenselander.se\/skola\/wp-json\/wp\/v2\/media?parent=5085"}],"wp:term":[{"taxonomy":"category","embeddable":true,"href":"https:\/\/frokenselander.se\/skola\/wp-json\/wp\/v2\/categories?post=5085"},{"taxonomy":"post_tag","embeddable":true,"href":"https:\/\/frokenselander.se\/skola\/wp-json\/wp\/v2\/tags?post=5085"}],"curies":[{"name":"wp","href":"https:\/\/api.w.org\/{rel}","templated":true}]}}