{"id":4708,"date":"2018-11-30T14:59:48","date_gmt":"2018-11-30T13:59:48","guid":{"rendered":"http:\/\/cathrines.net\/?p=4708"},"modified":"2022-11-01T11:33:45","modified_gmt":"2022-11-01T11:33:45","slug":"arbetsblad-till-den-magiska-kulan-kapitel-8","status":"publish","type":"post","link":"https:\/\/frokenselander.se\/skola\/2018\/11\/30\/arbetsblad-till-den-magiska-kulan-kapitel-8\/","title":{"rendered":"Den magiska kulan kapitel 8"},"content":{"rendered":"\r\n<p class=\"has-drop-cap\">NDen h\u00e4r veckan jobbar vi med bokstaven <em>Nn<\/em> och ordbilden <em>har<\/em>. Vi ska lyssna var bokstavsljudet h\u00f6rs; f\u00f6rst, inuti eller i slutet. P\u00e5 arbetsbladet finns det med ord som har ljudet i <em>f\u00f6rst, inuti<\/em> och i <em>sist<\/em>. \u00a0Men \u00e4ven exempelvis ordet banan som har ljudet b\u00e5de inuti och sist. De ord som vi lyssnar efter Nn \u00e4r <em>nalle, lejon, banan, ananas, not, p\u00e4ron, citron<\/em>. Arbetsbladen har \u00e4ven meningar med ord som vi arbetat med tidigare f\u00f6r att alla ska f\u00e5 chansen att automatisera ordbilderna. Jag har med n\u00e5gra uppgifter med omkastade ord och jag visar p\u00e5 whiteboarden (eller smartboarden) s\u00e5 att eleverna l\u00e4tt kan se hur man kan byta plats p\u00e5 en eller tv\u00e5 bokst\u00e4ver och f\u00e5 ett helt nytt ord (eller i det h\u00e4r fallet f\u00e5 fram ett ord, orden p\u00e5 arbetsbladet bildar orden <em>nalle<\/em>, <em>m\u00e5ne<\/em> och <em>lejon<\/em>). Det \u00e4r s\u00e5 h\u00e4ftigt n\u00e4r eleverna hittar nya ord sj\u00e4lva och f\u00f6rklarar hur man kan g\u00f6ra f\u00f6r att f\u00e5 fram det nya ordet. Jag har det h\u00e4r som en l\u00e4rarledd lektion och vi g\u00f6r uppgift f\u00f6r uppgift tillsammans. D\u00e5 kan vi prata om orden som dyker upp och som kanske inte alltid \u00e4r bekanta f\u00f6r alla. Det \u00e4r ocks\u00e5 roligt f\u00f6r eleverna som f\u00e5r turas om att skriva p\u00e5 Smartboarden ocks\u00e5. Arbetsbladet med bokstaven <em>Nn<\/em> och ordbilden <em>har<\/em> finns i det h\u00e4r h\u00e4ftet:<\/p>\r\n\r\n\r\n\r\n\r\n\r\n<p>De som n\u00e5tt l\u00e4ngre i sin l\u00e4sutveckling svara p\u00e5 l\u00e4sf\u00f6rst\u00e5elsefr\u00e5gor i tv\u00e5 grupper samtidigt som vi arbetar med bokstavs-arbetsbladen. Tv\u00e5 lektioner i veckan arbetar jag tillsammans med en annan l\u00e4rare och kan d\u00e5 dela upp klassen i mindre grupper vilket \u00e4r s\u00e5 himla bra. Vi skriver meningarna ocks\u00e5 p\u00e5 iPad men n\u00e5gra elever har valt att b\u00f6rja skriva i skrivboken ist\u00e4llet. Den h\u00e4r veckan ska vi \u00e4ven prata om kommatecknet och n\u00e4r man anv\u00e4nder det. Svaret p\u00e5 fr\u00e5gorna \u00e4r: <em>1. I Cesars k\u00e4llare, 2. Nattvingen, 3. ABC-klubben, 4. Deras namn b\u00f6rjar p\u00e5 de bokst\u00e4verna; <strong>A<\/strong>sta, <strong>B<\/strong>ea och <strong>C<\/strong>esar.<\/em><br \/>L\u00e4sf\u00f6rst\u00e5elsefr\u00e5gorna till kapitel 8 hittar du i det h\u00e4r h\u00e4ftet:<\/p>\r\n\r\n\r\n\n<div class=\"wp-block-file\"><a href=\"https:\/\/frokenselander.se\/skola\/wp-content\/uploads\/2019\/07\/lc3a4sfc3b6rstc3a5elsehc3a4fte-till-den-magiska-kulan.pdf\">L\u00e4sf\u00f6rst\u00e5elsefr\u00e5gor till &#8221;Den magiska kulan&#8221; (26 sidor)<\/a><a href=\"https:\/\/frokenselander.se\/skola\/wp-content\/uploads\/2019\/07\/lc3a4sfc3b6rstc3a5elsehc3a4fte-till-den-magiska-kulan.pdf\" class=\"wp-block-file__button\" download>Ladda ner<\/a><\/div>\n\r\n\r\n\r\n<figure class=\"wp-block-gallery columns-2 is-cropped wp-block-gallery-1 is-layout-flex wp-block-gallery-is-layout-flex\">\r\n<ul class=\"blocks-gallery-grid\">\r\n<li class=\"blocks-gallery-item\">\r\n<figure><img data-recalc-dims=\"1\" loading=\"lazy\" decoding=\"async\" width=\"699\" height=\"991\" class=\"wp-image-5817\" src=\"https:\/\/i0.wp.com\/frokenselander.se\/skola\/wp-content\/uploads\/2019\/06\/701887b7-672c-4719-83f2-3af93a6e6f5c.jpeg?resize=699%2C991&#038;ssl=1\" alt=\"\" data-id=\"5817\" srcset=\"https:\/\/i0.wp.com\/frokenselander.se\/skola\/wp-content\/uploads\/2019\/06\/701887b7-672c-4719-83f2-3af93a6e6f5c.jpeg?w=699&amp;ssl=1 699w, https:\/\/i0.wp.com\/frokenselander.se\/skola\/wp-content\/uploads\/2019\/06\/701887b7-672c-4719-83f2-3af93a6e6f5c.jpeg?resize=212%2C300&amp;ssl=1 212w, https:\/\/i0.wp.com\/frokenselander.se\/skola\/wp-content\/uploads\/2019\/06\/701887b7-672c-4719-83f2-3af93a6e6f5c.jpeg?resize=141%2C200&amp;ssl=1 141w, https:\/\/i0.wp.com\/frokenselander.se\/skola\/wp-content\/uploads\/2019\/06\/701887b7-672c-4719-83f2-3af93a6e6f5c.jpeg?resize=71%2C100&amp;ssl=1 71w\" sizes=\"auto, (max-width: 699px) 100vw, 699px\" \/><\/figure>\r\n<\/li>\r\n<li class=\"blocks-gallery-item\">\r\n<figure><img data-recalc-dims=\"1\" loading=\"lazy\" decoding=\"async\" width=\"698\" height=\"1007\" class=\"wp-image-5989\" src=\"https:\/\/i0.wp.com\/frokenselander.se\/skola\/wp-content\/uploads\/2019\/08\/e7ad551e-2414-4ba6-b86a-3cabda93f471.jpeg?resize=698%2C1007&#038;ssl=1\" alt=\"\" data-id=\"5989\" srcset=\"https:\/\/i0.wp.com\/frokenselander.se\/skola\/wp-content\/uploads\/2019\/08\/e7ad551e-2414-4ba6-b86a-3cabda93f471.jpeg?w=698&amp;ssl=1 698w, https:\/\/i0.wp.com\/frokenselander.se\/skola\/wp-content\/uploads\/2019\/08\/e7ad551e-2414-4ba6-b86a-3cabda93f471.jpeg?resize=208%2C300&amp;ssl=1 208w, https:\/\/i0.wp.com\/frokenselander.se\/skola\/wp-content\/uploads\/2019\/08\/e7ad551e-2414-4ba6-b86a-3cabda93f471.jpeg?resize=139%2C200&amp;ssl=1 139w, https:\/\/i0.wp.com\/frokenselander.se\/skola\/wp-content\/uploads\/2019\/08\/e7ad551e-2414-4ba6-b86a-3cabda93f471.jpeg?resize=69%2C100&amp;ssl=1 69w\" sizes=\"auto, (max-width: 698px) 100vw, 698px\" \/><\/figure>\r\n<\/li>\r\n<\/ul>\r\n<\/figure>\r\n\r\n\r\n\r\n<p><strong>UTDRAG UR DET CENTRALA INNEH\u00c5LLET I\u00a0<a href=\"https:\/\/www.skolverket.se\/undervisning\/grundskolan\/laroplan-och-kursplaner-for-grundskolan\/laroplan-lgr11-for-grundskolan-samt-for-forskoleklassen-och-fritidshemmet?url=1530314731%2Fcompulsorycw%2Fjsp%2Fsubject.htm%3FsubjectCode%3DGRGRSVE01%26tos%3Dgr&amp;sv.url=12.5dfee44715d35a5cdfa219f\">SVENSKA F\u00d6R \u00c5K 1-3:<\/a><\/strong><\/p>\r\n\r\n\r\n\r\n<p><em>L\u00e4sa och skriva<\/em><\/p>\r\n\r\n\r\n\r\n<ul class=\"wp-block-list\">\r\n<li>L\u00e4sstrategier f\u00f6r att f\u00f6rst\u00e5 och tolka texter samt f\u00f6r att anpassa l\u00e4sningen efter textens form och inneh\u00e5ll.<\/li>\r\n<li>Handstil och att skriva med digitala verktyg.<\/li>\r\n<li>Spr\u00e5kets struktur med stor och liten bokstav, punkt, fr\u00e5getecken och utropstecken samt stavningsregler f\u00f6r vanligt f\u00f6rekommande ord i elevn\u00e4ra texter.<\/li>\r\n<li>Alfabetet och alfabetisk ordning.<\/li>\r\n<li>Sambandet mellan ljud och bokstav<\/li>\r\n<\/ul>\r\n","protected":false},"excerpt":{"rendered":"<p>NDen h\u00e4r veckan jobbar vi med bokstaven Nn och ordbilden har. Vi ska lyssna var bokstavsljudet h\u00f6rs; f\u00f6rst, inuti eller i slutet. P\u00e5 arbetsbladet finns det med ord som har ljudet i f\u00f6rst, inuti och i sist. \u00a0Men \u00e4ven exempelvis ordet banan som har ljudet b\u00e5de inuti och sist. De ord som vi lyssnar efter&hellip; <a href=\"https:\/\/frokenselander.se\/skola\/2018\/11\/30\/arbetsblad-till-den-magiska-kulan-kapitel-8\/\" class=\"more-link\">Forts\u00e4tt l\u00e4sa <span class=\"screen-reader-text\">Den magiska kulan kapitel 8<\/span><\/a><\/p>\n","protected":false},"author":3,"featured_media":0,"comment_status":"open","ping_status":"open","sticky":false,"template":"","format":"standard","meta":{"advanced_seo_description":"","jetpack_seo_html_title":"","jetpack_seo_noindex":false,"jetpack_post_was_ever_published":false,"_jetpack_newsletter_access":"","_jetpack_dont_email_post_to_subs":false,"_jetpack_newsletter_tier_id":0,"_jetpack_memberships_contains_paywalled_content":false,"_jetpack_memberships_contains_paid_content":false,"footnotes":""},"categories":[26,41,9,12,13,46],"tags":[],"class_list":["post-4708","post","type-post","status-publish","format-standard","hentry","category-den-magiska-kulan","category-ordbilder","category-skolan","category-svenska","category-svenska-ar-1","category-uppgifter","without-featured-image"],"jetpack_featured_media_url":"","jetpack_likes_enabled":true,"jetpack_sharing_enabled":true,"_links":{"self":[{"href":"https:\/\/frokenselander.se\/skola\/wp-json\/wp\/v2\/posts\/4708","targetHints":{"allow":["GET"]}}],"collection":[{"href":"https:\/\/frokenselander.se\/skola\/wp-json\/wp\/v2\/posts"}],"about":[{"href":"https:\/\/frokenselander.se\/skola\/wp-json\/wp\/v2\/types\/post"}],"author":[{"embeddable":true,"href":"https:\/\/frokenselander.se\/skola\/wp-json\/wp\/v2\/users\/3"}],"replies":[{"embeddable":true,"href":"https:\/\/frokenselander.se\/skola\/wp-json\/wp\/v2\/comments?post=4708"}],"version-history":[{"count":2,"href":"https:\/\/frokenselander.se\/skola\/wp-json\/wp\/v2\/posts\/4708\/revisions"}],"predecessor-version":[{"id":8045,"href":"https:\/\/frokenselander.se\/skola\/wp-json\/wp\/v2\/posts\/4708\/revisions\/8045"}],"wp:attachment":[{"href":"https:\/\/frokenselander.se\/skola\/wp-json\/wp\/v2\/media?parent=4708"}],"wp:term":[{"taxonomy":"category","embeddable":true,"href":"https:\/\/frokenselander.se\/skola\/wp-json\/wp\/v2\/categories?post=4708"},{"taxonomy":"post_tag","embeddable":true,"href":"https:\/\/frokenselander.se\/skola\/wp-json\/wp\/v2\/tags?post=4708"}],"curies":[{"name":"wp","href":"https:\/\/api.w.org\/{rel}","templated":true}]}}