{"id":4624,"date":"2017-11-10T15:43:48","date_gmt":"2017-11-10T14:43:48","guid":{"rendered":"http:\/\/cathrines.net\/?p=4624"},"modified":"2020-11-10T20:27:49","modified_gmt":"2020-11-10T20:27:49","slug":"godt-martin-widmark","status":"publish","type":"post","link":"https:\/\/frokenselander.se\/skola\/2017\/11\/10\/godt-martin-widmark\/","title":{"rendered":"GODT Martin Widmark"},"content":{"rendered":"\r\n<p>P\u00e5 h\u00f6stterminen i \u00e5r 3 har vi Martin Widmark som tema p\u00e5 barnboksveckan, eller vi kallar veckan f\u00f6r l\u00e4sveckan. Vi ska g\u00e5 till biblioteket som ska ha boksamtal med oss om Martin Widmark. N\u00e4r vi har haft det och eleverna har blivit presenterade f\u00f6r n\u00e5gra av hans boktitlar ska jag grejja om Martin Widmark. Under l\u00e4sveckan ska vi l\u00e4sa f\u00f6r v\u00e5r fadderklass 1B, det gjorde vi f\u00f6rra \u00e5ret ocks\u00e5. Det \u00e4r s\u00e5 himla mysigt. Eleverna \u00e4r indelade i 5 grupper och vi kommer l\u00e4sa tillsammans vid tre tillf\u00e4llen. Ett tips f\u00f6r de som inte n\u00e5tt s\u00e5 l\u00e5ngt i sin l\u00e4sutveckling \u00e4r att lyssna p\u00e5 ljudbok ist\u00e4llet.<\/p>\r\n\r\n\r\n\r\n<p>Jag har b\u00f6rjat med grej of the day vilket g\u00f6r att jag f\u00e5r med hela klassen. Alla \u00e4lskar grej of the day och jag f\u00e5r med alla elever i skrivandet.\u00a0 S\u00e5 h\u00e4r kommer en GOTD om Martin Widmark \ud83d\ude42<\/p>\r\n\r\n\r\n\r\n<div class=\"wp-block-file\"><a href=\"https:\/\/frokenselander.se\/skola\/wp-content\/uploads\/2017\/11\/gotd-martin-widmark-1.pptx\">GOTD Martin Widmark<\/a><\/div>\r\n\r\n\r\n\r\n<figure class=\"wp-block-image\"><img data-recalc-dims=\"1\" loading=\"lazy\" decoding=\"async\" width=\"700\" height=\"531\" class=\"wp-image-5607\" src=\"https:\/\/i0.wp.com\/frokenselander.se\/skola\/wp-content\/uploads\/2019\/05\/martin-widmark.jpeg?resize=700%2C531&#038;ssl=1\" alt=\"\" srcset=\"https:\/\/i0.wp.com\/frokenselander.se\/skola\/wp-content\/uploads\/2019\/05\/martin-widmark.jpeg?w=700&amp;ssl=1 700w, https:\/\/i0.wp.com\/frokenselander.se\/skola\/wp-content\/uploads\/2019\/05\/martin-widmark.jpeg?resize=300%2C228&amp;ssl=1 300w, https:\/\/i0.wp.com\/frokenselander.se\/skola\/wp-content\/uploads\/2019\/05\/martin-widmark.jpeg?resize=360%2C273&amp;ssl=1 360w, https:\/\/i0.wp.com\/frokenselander.se\/skola\/wp-content\/uploads\/2019\/05\/martin-widmark.jpeg?resize=200%2C152&amp;ssl=1 200w, https:\/\/i0.wp.com\/frokenselander.se\/skola\/wp-content\/uploads\/2019\/05\/martin-widmark.jpeg?resize=100%2C76&amp;ssl=1 100w\" sizes=\"auto, (max-width: 700px) 100vw, 700px\" \/><\/figure>\r\n","protected":false},"excerpt":{"rendered":"<p>P\u00e5 h\u00f6stterminen i \u00e5r 3 har vi Martin Widmark som tema p\u00e5 barnboksveckan, eller vi kallar veckan f\u00f6r l\u00e4sveckan. Vi ska g\u00e5 till biblioteket som ska ha boksamtal med oss om Martin Widmark. N\u00e4r vi har haft det och eleverna har blivit presenterade f\u00f6r n\u00e5gra av hans boktitlar ska jag grejja om Martin Widmark. Under&hellip; <a href=\"https:\/\/frokenselander.se\/skola\/2017\/11\/10\/godt-martin-widmark\/\" class=\"more-link\">Forts\u00e4tt l\u00e4sa <span class=\"screen-reader-text\">GODT Martin Widmark<\/span><\/a><\/p>\n","protected":false},"author":3,"featured_media":0,"comment_status":"open","ping_status":"open","sticky":false,"template":"","format":"standard","meta":{"advanced_seo_description":"","jetpack_seo_html_title":"","jetpack_seo_noindex":false,"jetpack_post_was_ever_published":false,"_jetpack_newsletter_access":"","_jetpack_dont_email_post_to_subs":false,"_jetpack_newsletter_tier_id":0,"_jetpack_memberships_contains_paywalled_content":false,"_jetpack_memberships_contains_paid_content":false,"footnotes":""},"categories":[35,37,9,12],"tags":[245,377],"class_list":["post-4624","post","type-post","status-publish","format-standard","hentry","category-lasvecka","category-martin-widmark","category-skolan","category-svenska","tag-gotd","tag-martin-widmark","without-featured-image"],"jetpack_featured_media_url":"","jetpack_likes_enabled":true,"jetpack_sharing_enabled":true,"_links":{"self":[{"href":"https:\/\/frokenselander.se\/skola\/wp-json\/wp\/v2\/posts\/4624","targetHints":{"allow":["GET"]}}],"collection":[{"href":"https:\/\/frokenselander.se\/skola\/wp-json\/wp\/v2\/posts"}],"about":[{"href":"https:\/\/frokenselander.se\/skola\/wp-json\/wp\/v2\/types\/post"}],"author":[{"embeddable":true,"href":"https:\/\/frokenselander.se\/skola\/wp-json\/wp\/v2\/users\/3"}],"replies":[{"embeddable":true,"href":"https:\/\/frokenselander.se\/skola\/wp-json\/wp\/v2\/comments?post=4624"}],"version-history":[{"count":2,"href":"https:\/\/frokenselander.se\/skola\/wp-json\/wp\/v2\/posts\/4624\/revisions"}],"predecessor-version":[{"id":7530,"href":"https:\/\/frokenselander.se\/skola\/wp-json\/wp\/v2\/posts\/4624\/revisions\/7530"}],"wp:attachment":[{"href":"https:\/\/frokenselander.se\/skola\/wp-json\/wp\/v2\/media?parent=4624"}],"wp:term":[{"taxonomy":"category","embeddable":true,"href":"https:\/\/frokenselander.se\/skola\/wp-json\/wp\/v2\/categories?post=4624"},{"taxonomy":"post_tag","embeddable":true,"href":"https:\/\/frokenselander.se\/skola\/wp-json\/wp\/v2\/tags?post=4624"}],"curies":[{"name":"wp","href":"https:\/\/api.w.org\/{rel}","templated":true}]}}