{"id":4602,"date":"2018-11-06T15:26:34","date_gmt":"2018-11-06T15:26:34","guid":{"rendered":"http:\/\/cathrines.net\/?p=4602"},"modified":"2021-11-20T12:30:52","modified_gmt":"2021-11-20T12:30:52","slug":"gotd-elsa-beskow","status":"publish","type":"post","link":"https:\/\/frokenselander.se\/skola\/2018\/11\/06\/gotd-elsa-beskow\/","title":{"rendered":"GOTD Elsa Beskow"},"content":{"rendered":"<p>H\u00e4r kommer grejjen om Elsa Beskow som jag skrev om i f\u00f6rra inl\u00e4gget. Kanske passar bra nu inf\u00f6r barnboksveckan och nationella l\u00e4sdagen.<\/p>\r\n<p><a href=\"https:\/\/frokenselander.se\/skola\/wp-content\/uploads\/2018\/11\/Elsa-Beskow-a\u030ak-1.pptx\">GOTD Elsa Beskow<\/a><\/p>\r\n\r\n<figure class=\"wp-block-image\"><img data-recalc-dims=\"1\" loading=\"lazy\" decoding=\"async\" width=\"750\" height=\"592\" class=\"wp-image-4605\" src=\"https:\/\/i0.wp.com\/frokenselander.se\/skola\/wp-content\/uploads\/2018\/11\/c527c-92f64980-932b-40c4-8bb0-8ca0458a8dfa.jpeg?resize=750%2C592&#038;ssl=1\" alt=\"\" srcset=\"https:\/\/i0.wp.com\/frokenselander.se\/skola\/wp-content\/uploads\/2018\/11\/c527c-92f64980-932b-40c4-8bb0-8ca0458a8dfa.jpeg?w=750&amp;ssl=1 750w, https:\/\/i0.wp.com\/frokenselander.se\/skola\/wp-content\/uploads\/2018\/11\/c527c-92f64980-932b-40c4-8bb0-8ca0458a8dfa.jpeg?resize=300%2C237&amp;ssl=1 300w, https:\/\/i0.wp.com\/frokenselander.se\/skola\/wp-content\/uploads\/2018\/11\/c527c-92f64980-932b-40c4-8bb0-8ca0458a8dfa.jpeg?resize=360%2C284&amp;ssl=1 360w, https:\/\/i0.wp.com\/frokenselander.se\/skola\/wp-content\/uploads\/2018\/11\/c527c-92f64980-932b-40c4-8bb0-8ca0458a8dfa.jpeg?resize=200%2C158&amp;ssl=1 200w, https:\/\/i0.wp.com\/frokenselander.se\/skola\/wp-content\/uploads\/2018\/11\/c527c-92f64980-932b-40c4-8bb0-8ca0458a8dfa.jpeg?resize=100%2C79&amp;ssl=1 100w\" sizes=\"auto, (max-width: 750px) 100vw, 750px\" \/><\/figure>\r\n\r\n\r\n\r\n<p>&nbsp;<\/p>\r\n","protected":false},"excerpt":{"rendered":"<p>H\u00e4r kommer grejjen om Elsa Beskow som jag skrev om i f\u00f6rra inl\u00e4gget. Kanske passar bra nu inf\u00f6r barnboksveckan och nationella l\u00e4sdagen. GOTD Elsa Beskow &nbsp;<\/p>\n","protected":false},"author":3,"featured_media":0,"comment_status":"open","ping_status":"open","sticky":false,"template":"","format":"standard","meta":{"advanced_seo_description":"","jetpack_seo_html_title":"","jetpack_seo_noindex":false,"jetpack_post_was_ever_published":false,"_jetpack_newsletter_access":"","_jetpack_dont_email_post_to_subs":false,"_jetpack_newsletter_tier_id":0,"_jetpack_memberships_contains_paywalled_content":false,"_jetpack_memberships_contains_paid_content":false,"footnotes":""},"categories":[49,3,35,9],"tags":[94,191],"class_list":["post-4602","post","type-post","status-publish","format-standard","hentry","category-elsa-beskow","category-gotd","category-lasvecka","category-skolan","tag-barnboksvecka","tag-elsa-beskow","without-featured-image"],"jetpack_featured_media_url":"","jetpack_likes_enabled":true,"jetpack_sharing_enabled":true,"_links":{"self":[{"href":"https:\/\/frokenselander.se\/skola\/wp-json\/wp\/v2\/posts\/4602","targetHints":{"allow":["GET"]}}],"collection":[{"href":"https:\/\/frokenselander.se\/skola\/wp-json\/wp\/v2\/posts"}],"about":[{"href":"https:\/\/frokenselander.se\/skola\/wp-json\/wp\/v2\/types\/post"}],"author":[{"embeddable":true,"href":"https:\/\/frokenselander.se\/skola\/wp-json\/wp\/v2\/users\/3"}],"replies":[{"embeddable":true,"href":"https:\/\/frokenselander.se\/skola\/wp-json\/wp\/v2\/comments?post=4602"}],"version-history":[{"count":8,"href":"https:\/\/frokenselander.se\/skola\/wp-json\/wp\/v2\/posts\/4602\/revisions"}],"predecessor-version":[{"id":7833,"href":"https:\/\/frokenselander.se\/skola\/wp-json\/wp\/v2\/posts\/4602\/revisions\/7833"}],"wp:attachment":[{"href":"https:\/\/frokenselander.se\/skola\/wp-json\/wp\/v2\/media?parent=4602"}],"wp:term":[{"taxonomy":"category","embeddable":true,"href":"https:\/\/frokenselander.se\/skola\/wp-json\/wp\/v2\/categories?post=4602"},{"taxonomy":"post_tag","embeddable":true,"href":"https:\/\/frokenselander.se\/skola\/wp-json\/wp\/v2\/tags?post=4602"}],"curies":[{"name":"wp","href":"https:\/\/api.w.org\/{rel}","templated":true}]}}