{"id":4589,"date":"2018-11-07T18:36:28","date_gmt":"2018-11-07T17:36:28","guid":{"rendered":"http:\/\/cathrines.net\/?p=4589"},"modified":"2021-11-11T19:57:13","modified_gmt":"2021-11-11T19:57:13","slug":"barnboksveckan","status":"publish","type":"post","link":"https:\/\/frokenselander.se\/skola\/2018\/11\/07\/barnboksveckan\/","title":{"rendered":"Barnboksveckan"},"content":{"rendered":"<p>Vi har l\u00e4svecka under vecka 46 d\u00e5 det \u00e4r barnboksvecka. Jag kommer b\u00f6rja med att titta p\u00e5 den h\u00e4r fina filmen, <a href=\"https:\/\/www.youtube.com\/watch?v=Ad3CMri3hOs\" target=\"_blank\" rel=\"noopener noreferrer\">The fantastic flying books<\/a>, som jag blev tipsad om av v\u00e5r litteraturpedagog som arbetar p\u00e5 Nyn\u00e4shamns bibliotek.<\/p>\n<p>P\u00e5 v\u00e5r skola s\u00e5 har vi olika teman f\u00f6r de olika \u00e5rskurserna. Vi arbetar med olika f\u00f6rfattare, v\u00e5ra ettor kommer arbeta med Elsa Beskow, tv\u00e5orna arbetar med Astrid Lindgren och treorna med Martin Widmark. V\u00e5r fadderklass 3B kommer att l\u00e4sa f\u00f6r oss vid tv\u00e5 tillf\u00e4llen och det kommer bli en blandning av de b\u00f6cker som vi ska l\u00e4sa. Det brukar vara j\u00e4ttemysigt.<\/p>\n<p>Vi kommer l\u00e4sa olika Elsa Beskow b\u00f6cker under veckan. M\u00e5nga av hennes b\u00f6cker \u00e4r skrivna p\u00e5 rim. Jag tycker att det \u00e4r lite kr\u00e5ngligt att l\u00e4sa p\u00e5 rim, s\u00e5 det g\u00e4ller att l\u00e4sa igenom b\u00f6ckerna s\u00e5 jag f\u00e5r ett bra flyt under h\u00f6gl\u00e4sningen. Det g\u00e4ller att ta paus p\u00e5 r\u00e4tt st\u00e4lle f\u00f6r att f\u00e5 in en bra rytm. Det \u00e4r h\u00e4rliga ber\u00e4ttelser och de har vackra illustrationer s\u00e5 det \u00e4r v\u00e4l v\u00e4rt m\u00f6dan.<\/p>\n<p>Jag har tidigare visat en <a href=\"http:\/\/wp-content\/uploads\/Elsa-Beskow-\u00e5k-1.pptx\">GOTD om Elsa Beskow<\/a>. Jag kommer troligen k\u00f6ra n\u00e5gra till GOTD som har med b\u00f6cker, n\u00e5gon av Elsas b\u00f6cker eller barnboksveckan att g\u00f6ra. Jag har inte best\u00e4mt vilka \u00e4n. Jag skrev tidigare att jag blivit tipsad om att skriva egna ber\u00e4ttelser fr\u00e5n bilder och vi kommer skriva till bilder fr\u00e5n boken &#8221;Puttes \u00e4ventyr i bl\u00e5b\u00e4rsskogen&#8221;. N\u00e4r man l\u00e4st boken s\u00e5 finns det en s\u00e5ng om boken h\u00e4r som man kan lyssna p\u00e5: <a href=\"https:\/\/www.youtube.com\/watch?v=H5lZa2HCm6M\" target=\"_blank\" rel=\"noopener noreferrer\">https:\/\/www.youtube.com\/watch?v=H5lZa2HCm6M<\/a>. P\u00e5 fredagen kommer jag avsluta med en <a href=\"https:\/\/kahoot.com\/\">Kahoot<\/a> med en sammanfattning av det som vi l\u00e4rt oss under veckan. Det brukar vara riktigt uppskattat och det ger mig en snabb bild av vad de har l\u00e4rt sig under temaveckan. Har ni inte provat Kahoot, s\u00e5 g\u00f6r det. Det \u00e4r en fr\u00e5gesport med fr\u00e5gor och eleverna f\u00e5r flera alternativ att v\u00e4lja mellan. Man beh\u00f6ver en l\u00e4splatta och mina elever jobbar tv\u00e5 och tv\u00e5. Det finns f\u00e4rdiga Kahoot som man kan anv\u00e4nda eller s\u00e5 g\u00f6r man en egen.<\/p>\n<p>Tips f\u00f6r er som har Astrid Lindgren tema, eller kanske Pippi-tema, under l\u00e4sveckan. Det finns det en ber\u00e4ttelse i 5 delar p\u00e5 Barnradion som heter <a href=\"https:\/\/sverigesradio.se\/sida\/avsnitt\/1184750?programid=3129\">Pippi i Rinkeby<\/a>. Pippi med en liten twist.<\/p>\n","protected":false},"excerpt":{"rendered":"<p>Vi har l\u00e4svecka under vecka 46 d\u00e5 det \u00e4r barnboksvecka. Jag kommer b\u00f6rja med att titta p\u00e5 den h\u00e4r fina filmen, The fantastic flying books, som jag blev tipsad om av v\u00e5r litteraturpedagog som arbetar p\u00e5 Nyn\u00e4shamns bibliotek. P\u00e5 v\u00e5r skola s\u00e5 har vi olika teman f\u00f6r de olika \u00e5rskurserna. Vi arbetar med olika f\u00f6rfattare,&hellip; <a href=\"https:\/\/frokenselander.se\/skola\/2018\/11\/07\/barnboksveckan\/\" class=\"more-link\">Forts\u00e4tt l\u00e4sa <span class=\"screen-reader-text\">Barnboksveckan<\/span><\/a><\/p>\n","protected":false},"author":3,"featured_media":0,"comment_status":"open","ping_status":"open","sticky":false,"template":"","format":"standard","meta":{"advanced_seo_description":"","jetpack_seo_html_title":"","jetpack_seo_noindex":false,"jetpack_post_was_ever_published":false,"_jetpack_newsletter_access":"","_jetpack_dont_email_post_to_subs":false,"_jetpack_newsletter_tier_id":0,"_jetpack_memberships_contains_paywalled_content":false,"_jetpack_memberships_contains_paid_content":false,"footnotes":""},"categories":[49,35,9],"tags":[],"class_list":["post-4589","post","type-post","status-publish","format-standard","hentry","category-elsa-beskow","category-lasvecka","category-skolan","without-featured-image"],"jetpack_featured_media_url":"","jetpack_likes_enabled":true,"jetpack_sharing_enabled":true,"_links":{"self":[{"href":"https:\/\/frokenselander.se\/skola\/wp-json\/wp\/v2\/posts\/4589","targetHints":{"allow":["GET"]}}],"collection":[{"href":"https:\/\/frokenselander.se\/skola\/wp-json\/wp\/v2\/posts"}],"about":[{"href":"https:\/\/frokenselander.se\/skola\/wp-json\/wp\/v2\/types\/post"}],"author":[{"embeddable":true,"href":"https:\/\/frokenselander.se\/skola\/wp-json\/wp\/v2\/users\/3"}],"replies":[{"embeddable":true,"href":"https:\/\/frokenselander.se\/skola\/wp-json\/wp\/v2\/comments?post=4589"}],"version-history":[{"count":2,"href":"https:\/\/frokenselander.se\/skola\/wp-json\/wp\/v2\/posts\/4589\/revisions"}],"predecessor-version":[{"id":7826,"href":"https:\/\/frokenselander.se\/skola\/wp-json\/wp\/v2\/posts\/4589\/revisions\/7826"}],"wp:attachment":[{"href":"https:\/\/frokenselander.se\/skola\/wp-json\/wp\/v2\/media?parent=4589"}],"wp:term":[{"taxonomy":"category","embeddable":true,"href":"https:\/\/frokenselander.se\/skola\/wp-json\/wp\/v2\/categories?post=4589"},{"taxonomy":"post_tag","embeddable":true,"href":"https:\/\/frokenselander.se\/skola\/wp-json\/wp\/v2\/tags?post=4589"}],"curies":[{"name":"wp","href":"https:\/\/api.w.org\/{rel}","templated":true}]}}