{"id":4558,"date":"2018-11-05T13:15:06","date_gmt":"2018-11-05T12:15:06","guid":{"rendered":"http:\/\/cathrines.net\/?p=4558"},"modified":"2022-10-30T10:29:39","modified_gmt":"2022-10-30T10:29:39","slug":"den-magiska-kulan-kapitel-4","status":"publish","type":"post","link":"https:\/\/frokenselander.se\/skola\/2018\/11\/05\/den-magiska-kulan-kapitel-4\/","title":{"rendered":"Den magiska kulan kapitel 4"},"content":{"rendered":"\r\n<p>Nu har jag b\u00f6rjat jobba igen efter ett h\u00e4rligt h\u00f6stlov! Det \u00e4r roligt att f\u00e5 vara tillbaka tillsammans med eleverna!<\/p>\r\n\r\n\r\n\r\n<p>Den h\u00e4r veckan ska vi arbeta med bokstaven <em>Ss<\/em> och ordbilderna <em>en<\/em> och <em>ett<\/em>. Vi kommer tillsammans titta p\u00e5 bilderna f\u00f6r att se vad det \u00e4r p\u00e5 bilden, hur s\u00e4ger man det och vilka bokstavsljud h\u00f6r vi. Orden som finns med p\u00e5 veckans arbetsblad \u00e4r <em>vas, ost, stol, ros, mus, mun, sol, orm.<\/em> Alla ordbilder inneh\u00e5ller inte S eftersom n\u00e5gra ord \u00e4r repetition. Eleverna provar att l\u00e4sa bokstavsljuden i R-O-S. Vi s\u00e4ger sedan orden p\u00e5 bilderna tillsammans och eleverna lokaliserar var de h\u00f6r S och provar sedan att skriva alla bokst\u00e4verna i alla ord i rutorna under orden.<\/p>\r\n<p>Vi kommer att skriva meningar med <em>en<\/em> och <em>ett<\/em> och jobba med n\u00e4r anv\u00e4nder man <em>en<\/em> respektive <em>ett<\/em>. Det brukar falla sig ganska naturligt om man har svenska som modersm\u00e5l men det \u00e4r inte helt enkelt n\u00e4r man har ett annat modersm\u00e5l. Vi l\u00e4ser tillsammans en ko\/ett ko och s\u00e5 vidare och ringar in en eller ett beroende p\u00e5 vilket som \u00e4r r\u00e4tt (<em>en ko, ett ljus, en jojo, en glass, en bok, ett hus<\/em>). De provar sedan att l\u00e4sa meningar med ordbilderna jag\/ser\/en\/ett och drar streck till r\u00e4tt bild De tr\u00e4nar lite extra p\u00e5 ordbilderna <em>en<\/em> och <em>ett<\/em> genom att l\u00e4sa orden och ringa in dem med tv\u00e5 olika f\u00e4rger.<\/p>\r\n<p>Jag har gjort ett nytt ordbingo med nya ord som h\u00f6r till kapitlen 4-5 i <em>Den magiska kula<\/em>n som vi ska spela ocks\u00e5.<\/p>\r\n\r\n\r\n\r\n\r\n\r\n\r\n\n<div class=\"wp-block-file\"><a href=\"https:\/\/frokenselander.se\/skola\/wp-content\/uploads\/2019\/07\/lc3a4sfc3b6rstc3a5elsehc3a4fte-till-den-magiska-kulan.pdf\">L\u00e4sf\u00f6rst\u00e5elsefr\u00e5gor till &#8221;Den magiska kulan&#8221; (26 sidor)<\/a><a href=\"https:\/\/frokenselander.se\/skola\/wp-content\/uploads\/2019\/07\/lc3a4sfc3b6rstc3a5elsehc3a4fte-till-den-magiska-kulan.pdf\" class=\"wp-block-file__button\" download>Ladda ner<\/a><\/div>\n\r\n\r\n\r\n<p>Ordbingo till kapitel 4-5:<\/p>\r\n\r\n\r\n\r\n<div class=\"wp-block-file\"><a href=\"https:\/\/frokenselander.se\/skola\/wp-content\/uploads\/2019\/05\/den_magiska_kulans_bingo_kapitel_4-5.pdf\">Den magiska kulans bingo kapitel 4-5<\/a><a class=\"wp-block-file__button\" href=\"https:\/\/frokenselander.se\/skola\/wp-content\/uploads\/2019\/05\/den_magiska_kulans_bingo_kapitel_4-5.pdf\" download=\"\">Ladda ner<\/a><\/div>\r\n\r\n\r\n\r\n<p>Vi arbetar med ASL (Att skriva sig till l\u00e4sning) och eleverna f\u00e5r d\u00e4rf\u00f6r skriva ord och meningar p\u00e5 iPad. De arbetar tv\u00e5 och tv\u00e5 och skriver varannan mening. De tr\u00e4nar d\u00e5 p\u00e5 kommunikation, samarbete och p\u00e5 sitt skrivande. Den h\u00e4r veckan skriver vi meningar med ordbilderna \u00e4r, var, en och ett. De anv\u00e4nder ocks\u00e5 ordbilder som vi arbetat med under veckorna innan vi b\u00f6rjade med l\u00e4sl\u00e4xan och lite nya ord ocks\u00e5 f\u00f6rst\u00e5s. De ord som eleverna vill skriva och som de vill veta hur de stavas skriver jag p\u00e5 tavlan. Efter en stund finns en hel ordbank d\u00e4r som man kan plocka av till sina meningar.<\/p>\r\n\r\n\r\n\r\n<p>N\u00e4r de skrivit sina meningar, skriver de ut sin text och ritar en bild till sin text. De tr\u00e4nar d\u00e5 p\u00e5 pennfattning och f\u00f6rbereder sig p\u00e5 f\u00f6r att skriva med penna. Det \u00e4r viktigt att eleverna har en mottagare av sin text och de l\u00e4ser d\u00e4rf\u00f6r upp sina texter inf\u00f6r klassen. Vi s\u00e4tter ocks\u00e5 upp alla elevers texter i varsin plastficka i hallen s\u00e5 fler f\u00e5 ta del av deras texter.<\/p>\r\n<p>De elever som kommit l\u00e4nge i sin l\u00e4sutveckling arbetar med l\u00e4sf\u00f6rst\u00e5elsefr\u00e5gor till kapitlet. De l\u00e4ser d\u00e5 kapitlet tillsammans i sm\u00e5 l\u00e4sgrupper och svarar p\u00e5 fr\u00e5gorna tillsammans. Svaren p\u00e5 fr\u00e5gorna \u00e4r <em>1. De v\u00e4ntar p\u00e5 sin l\u00e4rare, 2. Rektorn l\u00e4ser f\u00f6r dem 3. Hon \u00f6nskar att l\u00e4raren \u00e4r sn\u00e4ll, 4. Hon tycker han ser sn\u00e4ll ut.<\/em><\/p>\r\n\r\n\r\n\r\n<figure class=\"wp-block-gallery columns-2 is-cropped wp-block-gallery-1 is-layout-flex wp-block-gallery-is-layout-flex\">\r\n<ul class=\"blocks-gallery-grid\">\r\n<li class=\"blocks-gallery-item\">\r\n<figure><img data-recalc-dims=\"1\" loading=\"lazy\" decoding=\"async\" width=\"701\" height=\"1008\" class=\"wp-image-6086\" src=\"https:\/\/i0.wp.com\/frokenselander.se\/skola\/wp-content\/uploads\/2019\/08\/img_2668.jpg?resize=701%2C1008&#038;ssl=1\" alt=\"\" data-id=\"6086\" srcset=\"https:\/\/i0.wp.com\/frokenselander.se\/skola\/wp-content\/uploads\/2019\/08\/img_2668.jpg?w=701&amp;ssl=1 701w, https:\/\/i0.wp.com\/frokenselander.se\/skola\/wp-content\/uploads\/2019\/08\/img_2668.jpg?resize=209%2C300&amp;ssl=1 209w, https:\/\/i0.wp.com\/frokenselander.se\/skola\/wp-content\/uploads\/2019\/08\/img_2668.jpg?resize=139%2C200&amp;ssl=1 139w, https:\/\/i0.wp.com\/frokenselander.se\/skola\/wp-content\/uploads\/2019\/08\/img_2668.jpg?resize=70%2C100&amp;ssl=1 70w\" sizes=\"auto, (max-width: 701px) 100vw, 701px\" \/><\/figure>\r\n<\/li>\r\n<li class=\"blocks-gallery-item\">\r\n<figure><img data-recalc-dims=\"1\" loading=\"lazy\" decoding=\"async\" width=\"702\" height=\"1004\" class=\"wp-image-6087\" src=\"https:\/\/i0.wp.com\/frokenselander.se\/skola\/wp-content\/uploads\/2019\/08\/img_2669.jpg?resize=702%2C1004&#038;ssl=1\" alt=\"\" data-id=\"6087\" srcset=\"https:\/\/i0.wp.com\/frokenselander.se\/skola\/wp-content\/uploads\/2019\/08\/img_2669.jpg?w=702&amp;ssl=1 702w, https:\/\/i0.wp.com\/frokenselander.se\/skola\/wp-content\/uploads\/2019\/08\/img_2669.jpg?resize=210%2C300&amp;ssl=1 210w, https:\/\/i0.wp.com\/frokenselander.se\/skola\/wp-content\/uploads\/2019\/08\/img_2669.jpg?resize=140%2C200&amp;ssl=1 140w, https:\/\/i0.wp.com\/frokenselander.se\/skola\/wp-content\/uploads\/2019\/08\/img_2669.jpg?resize=70%2C100&amp;ssl=1 70w\" sizes=\"auto, (max-width: 702px) 100vw, 702px\" \/><\/figure>\r\n<\/li>\r\n<\/ul>\r\n<\/figure>\r\n\r\n\r\n\r\n<p><strong>UTDRAG UR DET CENTRALA INNEH\u00c5LLET I\u00a0<a href=\"https:\/\/www.skolverket.se\/undervisning\/grundskolan\/laroplan-och-kursplaner-for-grundskolan\/laroplan-lgr11-for-grundskolan-samt-for-forskoleklassen-och-fritidshemmet?url=1530314731%2Fcompulsorycw%2Fjsp%2Fsubject.htm%3FsubjectCode%3DGRGRSVE01%26tos%3Dgr&amp;sv.url=12.5dfee44715d35a5cdfa219f\">SVENSKA F\u00d6R \u00c5K 1-3:<\/a><\/strong><\/p>\r\n\r\n\r\n\r\n<p><em>L\u00e4sa och skriva<\/em><\/p>\r\n\r\n\r\n\r\n<ul class=\"wp-block-list\">\r\n<li>L\u00e4sstrategier f\u00f6r att f\u00f6rst\u00e5 och tolka texter samt f\u00f6r att anpassa l\u00e4sningen efter textens form och inneh\u00e5ll.<\/li>\r\n<li>Handstil och att skriva med digitala verktyg.<\/li>\r\n<li>Spr\u00e5kets struktur med stor och liten bokstav, punkt, fr\u00e5getecken och utropstecken samt stavningsregler f\u00f6r vanligt f\u00f6rekommande ord i elevn\u00e4ra texter.<\/li>\r\n<li>Alfabetet och alfabetisk ordning.<\/li>\r\n<li>Sambandet mellan ljud och bokstav<\/li>\r\n<\/ul>\r\n","protected":false},"excerpt":{"rendered":"<p>Nu har jag b\u00f6rjat jobba igen efter ett h\u00e4rligt h\u00f6stlov! Det \u00e4r roligt att f\u00e5 vara tillbaka tillsammans med eleverna! Den h\u00e4r veckan ska vi arbeta med bokstaven Ss och ordbilderna en och ett. Vi kommer tillsammans titta p\u00e5 bilderna f\u00f6r att se vad det \u00e4r p\u00e5 bilden, hur s\u00e4ger man det och vilka bokstavsljud&hellip; <a href=\"https:\/\/frokenselander.se\/skola\/2018\/11\/05\/den-magiska-kulan-kapitel-4\/\" class=\"more-link\">Forts\u00e4tt l\u00e4sa <span class=\"screen-reader-text\">Den magiska kulan kapitel 4<\/span><\/a><\/p>\n","protected":false},"author":3,"featured_media":0,"comment_status":"open","ping_status":"open","sticky":false,"template":"","format":"standard","meta":{"advanced_seo_description":"","jetpack_seo_html_title":"","jetpack_seo_noindex":false,"jetpack_post_was_ever_published":false,"_jetpack_newsletter_access":"","_jetpack_dont_email_post_to_subs":false,"_jetpack_newsletter_tier_id":0,"_jetpack_memberships_contains_paywalled_content":false,"_jetpack_memberships_contains_paid_content":false,"footnotes":""},"categories":[20,26,41,12,13,46],"tags":[],"class_list":["post-4558","post","type-post","status-publish","format-standard","hentry","category-asl","category-den-magiska-kulan","category-ordbilder","category-svenska","category-svenska-ar-1","category-uppgifter","without-featured-image"],"jetpack_featured_media_url":"","jetpack_likes_enabled":true,"jetpack_sharing_enabled":true,"_links":{"self":[{"href":"https:\/\/frokenselander.se\/skola\/wp-json\/wp\/v2\/posts\/4558","targetHints":{"allow":["GET"]}}],"collection":[{"href":"https:\/\/frokenselander.se\/skola\/wp-json\/wp\/v2\/posts"}],"about":[{"href":"https:\/\/frokenselander.se\/skola\/wp-json\/wp\/v2\/types\/post"}],"author":[{"embeddable":true,"href":"https:\/\/frokenselander.se\/skola\/wp-json\/wp\/v2\/users\/3"}],"replies":[{"embeddable":true,"href":"https:\/\/frokenselander.se\/skola\/wp-json\/wp\/v2\/comments?post=4558"}],"version-history":[{"count":4,"href":"https:\/\/frokenselander.se\/skola\/wp-json\/wp\/v2\/posts\/4558\/revisions"}],"predecessor-version":[{"id":8024,"href":"https:\/\/frokenselander.se\/skola\/wp-json\/wp\/v2\/posts\/4558\/revisions\/8024"}],"wp:attachment":[{"href":"https:\/\/frokenselander.se\/skola\/wp-json\/wp\/v2\/media?parent=4558"}],"wp:term":[{"taxonomy":"category","embeddable":true,"href":"https:\/\/frokenselander.se\/skola\/wp-json\/wp\/v2\/categories?post=4558"},{"taxonomy":"post_tag","embeddable":true,"href":"https:\/\/frokenselander.se\/skola\/wp-json\/wp\/v2\/tags?post=4558"}],"curies":[{"name":"wp","href":"https:\/\/api.w.org\/{rel}","templated":true}]}}