{"id":4254,"date":"2018-10-18T16:59:57","date_gmt":"2018-10-18T15:59:57","guid":{"rendered":"http:\/\/cathrines.net\/?p=4254"},"modified":"2022-10-30T09:45:59","modified_gmt":"2022-10-30T09:45:59","slug":"den-magiska-kulan-kapitel-3","status":"publish","type":"post","link":"https:\/\/frokenselander.se\/skola\/2018\/10\/18\/den-magiska-kulan-kapitel-3\/","title":{"rendered":"Den magiska kulan kapitel 3"},"content":{"rendered":"<p>N\u00e4sta vecka ska eleverna l\u00e4sa kapitel 3, i Den magiska kulan. Vi ska arbeta med bokstaven <em>Aa<\/em> och ordbilderna <em>\u00e4r<\/em> och <em>var<\/em>. Jag l\u00e4ser alltid kapitlet varje fredag och \u00e4ven varje m\u00e5ndag. Vi arbetar sedan med att skriva meningar med ordbilderna p\u00e5 iPad. Denna vecka \u00e4r det ordbilderna <em>\u00e4r<\/em> och <em>var<\/em> som vi anv\u00e4nder. Helt naturligt kommer vi d\u00e5 in p\u00e5 nutid och d\u00e5tid beroende p\u00e5 om vi skriver <em>Jag \u00e4r i skolan<\/em> eller <em>Jag var i skolan. <\/em>Det \u00e4r bra att samla en ordbank p\u00e5 tavlan s\u00e5 eleverna kan skriva av enkla ord som de kan anv\u00e4nda i sina meningar. Ord vi anv\u00e4nde var exempelvis flicka\/pojke, 7 \u00e5r\/8 \u00e5r, syster\/bror, sn\u00e4ll, b\u00e4st etc.<\/p>\r\n<p>Jag visar arbetsbladet p\u00e5 smartboarden. Vi arbetar denna vecka med orden <em>mask, svamp, apa, bil, arm, m\u00f6ssa, kam, b\u00e5t<\/em>. Vi s\u00e4ger orden tillsammans och sedan f\u00e5r eleverna dra streck fr\u00e5n ordet som har ljudet Aa till bokstaven Aa i den gula cirkeln. De ska sedan lyssna efter ljudet Aa i orden <em>apa, ram, arm, kam, vas, val, myra, mat<\/em>. H\u00f6rs ljudet f\u00f6rst, inuti eller sist. De f\u00e5r skriva Aa i rutan d\u00e4r de h\u00f6r ljudet. P\u00e5 n\u00e4sta sida f\u00e5r eleverna f\u00e4rgl\u00e4gga A f\u00f6r att tr\u00e4na p\u00e5 pennfattning och sedan tr\u00e4nar vi p\u00e5 ordbilderna <em>var<\/em> och <em>\u00e4r<\/em> genom att l\u00e4sa fr\u00e5gor. Vi l\u00e4ser tillsammans. Eleverna drar sedan streck fr\u00e5n respektive fr\u00e5ga till r\u00e4tt bild och till sist l\u00e4ser de orden och ringar in dem med r\u00f6d respektive gr\u00f6n penna.<\/p>\r\n<p>Det finns ocks\u00e5 l\u00e4sf\u00f6rst\u00e5elsefr\u00e5gor f\u00f6r de som kommit lite l\u00e4ngre i sin l\u00e4sutveckling. De l\u00e4ser i sm\u00e5 l\u00e4sgrupper, oftast en sida var och svarar p\u00e5 fr\u00e5gorna tillsammans. Fr\u00e5gorna kan anv\u00e4ndas som h\u00f6rf\u00f6rst\u00e5elsefr\u00e5gor ocks\u00e5 och kan st\u00e4llas muntligt till de elever som \u00e4nnu inte kan l\u00e4sa. F\u00f6r att kunna svara p\u00e5 fr\u00e5gorna beh\u00f6ver man kunna l\u00e4sa mellan raderna. D\u00e4rf\u00f6r \u00e4r det viktigt att eleverna kan diskutera svaren med varandra. Om det \u00e4r sv\u00e5rt har de inte kommit tillr\u00e4ckligt l\u00e5ngt i sin l\u00e4sutveckling f\u00f6r att arbeta med l\u00e4sf\u00f6rst\u00e5elsefr\u00e5gorna. Svaret p\u00e5 fr\u00e5gorna \u00e4r <em>1. Den gamla damen, 2. En kula, 3. Den \u00e4r magisk, 4. Hon undrar om det verkligen finns magiska kulor.<\/em><\/p>\r\n\r\n\r\n\r\n\r\n\r\n\r\n\n<div class=\"wp-block-file\"><a href=\"https:\/\/frokenselander.se\/skola\/wp-content\/uploads\/2019\/07\/lc3a4sfc3b6rstc3a5elsehc3a4fte-till-den-magiska-kulan.pdf\">L\u00e4sf\u00f6rst\u00e5elsefr\u00e5gor till &#8221;Den magiska kulan&#8221; (26 sidor)<\/a><a href=\"https:\/\/frokenselander.se\/skola\/wp-content\/uploads\/2019\/07\/lc3a4sfc3b6rstc3a5elsehc3a4fte-till-den-magiska-kulan.pdf\" class=\"wp-block-file__button\" download>Ladda ner<\/a><\/div>\n\r\n\r\n\r\n<figure class=\"wp-block-gallery columns-2 is-cropped wp-block-gallery-1 is-layout-flex wp-block-gallery-is-layout-flex\">\r\n<ul class=\"blocks-gallery-grid\">\r\n<li class=\"blocks-gallery-item\">\r\n<figure><img data-recalc-dims=\"1\" loading=\"lazy\" decoding=\"async\" width=\"711\" height=\"1002\" class=\"wp-image-4260\" src=\"https:\/\/i0.wp.com\/frokenselander.se\/skola\/wp-content\/uploads\/2018\/10\/3241f-6060fd21-df09-4f4a-ab8a-a1738b3f8bf8.jpeg?resize=711%2C1002&#038;ssl=1\" alt=\"\" data-id=\"4260\" data-link=\"http:\/\/frokenselander.home.blog\/2018\/10\/18\/den-magiska-kulan-kapitel-3\/6060fd21-df09-4f4a-ab8a-a1738b3f8bf8\/\" srcset=\"https:\/\/i0.wp.com\/frokenselander.se\/skola\/wp-content\/uploads\/2018\/10\/3241f-6060fd21-df09-4f4a-ab8a-a1738b3f8bf8.jpeg?w=711&amp;ssl=1 711w, https:\/\/i0.wp.com\/frokenselander.se\/skola\/wp-content\/uploads\/2018\/10\/3241f-6060fd21-df09-4f4a-ab8a-a1738b3f8bf8.jpeg?resize=213%2C300&amp;ssl=1 213w, https:\/\/i0.wp.com\/frokenselander.se\/skola\/wp-content\/uploads\/2018\/10\/3241f-6060fd21-df09-4f4a-ab8a-a1738b3f8bf8.jpeg?resize=142%2C200&amp;ssl=1 142w, https:\/\/i0.wp.com\/frokenselander.se\/skola\/wp-content\/uploads\/2018\/10\/3241f-6060fd21-df09-4f4a-ab8a-a1738b3f8bf8.jpeg?resize=71%2C100&amp;ssl=1 71w\" sizes=\"auto, (max-width: 711px) 100vw, 711px\" \/><\/figure>\r\n<\/li>\r\n<li class=\"blocks-gallery-item\">\r\n<figure><img data-recalc-dims=\"1\" loading=\"lazy\" decoding=\"async\" width=\"690\" height=\"1001\" class=\"wp-image-5906\" src=\"https:\/\/i0.wp.com\/frokenselander.se\/skola\/wp-content\/uploads\/2019\/07\/img_2081.jpg?resize=690%2C1001&#038;ssl=1\" alt=\"\" data-id=\"5906\" data-link=\"http:\/\/frokenselander.home.blog\/img_2081\/\" srcset=\"https:\/\/i0.wp.com\/frokenselander.se\/skola\/wp-content\/uploads\/2019\/07\/img_2081.jpg?w=690&amp;ssl=1 690w, https:\/\/i0.wp.com\/frokenselander.se\/skola\/wp-content\/uploads\/2019\/07\/img_2081.jpg?resize=207%2C300&amp;ssl=1 207w, https:\/\/i0.wp.com\/frokenselander.se\/skola\/wp-content\/uploads\/2019\/07\/img_2081.jpg?resize=138%2C200&amp;ssl=1 138w, https:\/\/i0.wp.com\/frokenselander.se\/skola\/wp-content\/uploads\/2019\/07\/img_2081.jpg?resize=69%2C100&amp;ssl=1 69w\" sizes=\"auto, (max-width: 690px) 100vw, 690px\" \/><\/figure>\r\n<\/li>\r\n<\/ul>\r\n<\/figure>\r\n\r\n\r\n\r\n<p><strong>UTDRAG UR DET CENTRALA INNEH\u00c5LLET I\u00a0<a href=\"https:\/\/www.skolverket.se\/undervisning\/grundskolan\/laroplan-och-kursplaner-for-grundskolan\/laroplan-lgr11-for-grundskolan-samt-for-forskoleklassen-och-fritidshemmet?url=1530314731%2Fcompulsorycw%2Fjsp%2Fsubject.htm%3FsubjectCode%3DGRGRSVE01%26tos%3Dgr&amp;sv.url=12.5dfee44715d35a5cdfa219f\">SVENSKA F\u00d6R \u00c5K 1-3:<\/a><\/strong><\/p>\r\n\r\n\r\n\r\n<p><em>L\u00e4sa och skriva<\/em><\/p>\r\n\r\n\r\n\r\n<ul class=\"wp-block-list\">\r\n<li>L\u00e4sstrategier f\u00f6r att f\u00f6rst\u00e5 och tolka texter samt f\u00f6r att anpassa l\u00e4sningen efter textens form och inneh\u00e5ll.<\/li>\r\n<li>Handstil och att skriva med digitala verktyg.<\/li>\r\n<li>Spr\u00e5kets struktur med stor och liten bokstav, punkt, fr\u00e5getecken och utropstecken samt stavningsregler f\u00f6r vanligt f\u00f6rekommande ord i elevn\u00e4ra texter.<\/li>\r\n<li>Alfabetet och alfabetisk ordning.<\/li>\r\n<li>Sambandet mellan ljud och bokstav<\/li>\r\n<\/ul>\r\n","protected":false},"excerpt":{"rendered":"<p>N\u00e4sta vecka ska eleverna l\u00e4sa kapitel 3, i Den magiska kulan. Vi ska arbeta med bokstaven Aa och ordbilderna \u00e4r och var. Jag l\u00e4ser alltid kapitlet varje fredag och \u00e4ven varje m\u00e5ndag. Vi arbetar sedan med att skriva meningar med ordbilderna p\u00e5 iPad. Denna vecka \u00e4r det ordbilderna \u00e4r och var som vi anv\u00e4nder. Helt&hellip; <a href=\"https:\/\/frokenselander.se\/skola\/2018\/10\/18\/den-magiska-kulan-kapitel-3\/\" class=\"more-link\">Forts\u00e4tt l\u00e4sa <span class=\"screen-reader-text\">Den magiska kulan kapitel 3<\/span><\/a><\/p>\n","protected":false},"author":3,"featured_media":0,"comment_status":"open","ping_status":"open","sticky":false,"template":"","format":"standard","meta":{"advanced_seo_description":"","jetpack_seo_html_title":"","jetpack_seo_noindex":false,"jetpack_post_was_ever_published":false,"_jetpack_newsletter_access":"","_jetpack_dont_email_post_to_subs":false,"_jetpack_newsletter_tier_id":0,"_jetpack_memberships_contains_paywalled_content":false,"_jetpack_memberships_contains_paid_content":false,"footnotes":""},"categories":[26,41,9,13,46],"tags":[],"class_list":["post-4254","post","type-post","status-publish","format-standard","hentry","category-den-magiska-kulan","category-ordbilder","category-skolan","category-svenska-ar-1","category-uppgifter","without-featured-image"],"jetpack_featured_media_url":"","jetpack_likes_enabled":true,"jetpack_sharing_enabled":true,"_links":{"self":[{"href":"https:\/\/frokenselander.se\/skola\/wp-json\/wp\/v2\/posts\/4254","targetHints":{"allow":["GET"]}}],"collection":[{"href":"https:\/\/frokenselander.se\/skola\/wp-json\/wp\/v2\/posts"}],"about":[{"href":"https:\/\/frokenselander.se\/skola\/wp-json\/wp\/v2\/types\/post"}],"author":[{"embeddable":true,"href":"https:\/\/frokenselander.se\/skola\/wp-json\/wp\/v2\/users\/3"}],"replies":[{"embeddable":true,"href":"https:\/\/frokenselander.se\/skola\/wp-json\/wp\/v2\/comments?post=4254"}],"version-history":[{"count":2,"href":"https:\/\/frokenselander.se\/skola\/wp-json\/wp\/v2\/posts\/4254\/revisions"}],"predecessor-version":[{"id":8020,"href":"https:\/\/frokenselander.se\/skola\/wp-json\/wp\/v2\/posts\/4254\/revisions\/8020"}],"wp:attachment":[{"href":"https:\/\/frokenselander.se\/skola\/wp-json\/wp\/v2\/media?parent=4254"}],"wp:term":[{"taxonomy":"category","embeddable":true,"href":"https:\/\/frokenselander.se\/skola\/wp-json\/wp\/v2\/categories?post=4254"},{"taxonomy":"post_tag","embeddable":true,"href":"https:\/\/frokenselander.se\/skola\/wp-json\/wp\/v2\/tags?post=4254"}],"curies":[{"name":"wp","href":"https:\/\/api.w.org\/{rel}","templated":true}]}}